{"id":80,"date":"2011-06-12T13:20:41","date_gmt":"2011-06-12T11:20:41","guid":{"rendered":"http:\/\/telcoavi.es\/blog\/?p=80"},"modified":"2012-03-20T19:48:45","modified_gmt":"2012-03-20T18:48:45","slug":"sonar-2011-161718-junio","status":"publish","type":"post","link":"http:\/\/telcoavi.es\/blog\/sonar-2011-161718-junio\/","title":{"rendered":"S\u00d3NAR 2011 16.17.18 Junio"},"content":{"rendered":"<p style=\"text-align: left;\"><strong>Festival Internacional de M\u00fasica Avanzada y Arte Multimedia<\/strong><\/p>\n<div style=\"text-align: justify;\">S\u00f3nar es el festival de m\u00fasica avanzada y arte multimedia que se celebra durante la tercera semana del mes de junio en Barcelona. Es un festival pionero y \u00fanico en su formato y contenidos. S\u00f3nar Barcelona se divide entre S\u00f3nar de D\u00eda (conciertos, showcases, zona para profesionales, \u00e1rea expositiva), cuya principal esencia es el rastreo de nuevos talentos, y S\u00f3nar de Noche, donde se presentan los nombres clave del panorama musical internacional.<\/p>\n<blockquote><p>M\u00e1s de 84 mil personas disfrutaron en la pasada edici\u00f3n de 2010 de una cuidada programaci\u00f3n que combina los grandes nombres de la electr\u00f3nica actual con un amplio cartel de artistas y dj&#8217;s emergentes.<\/p><\/blockquote>\n<p>S\u00f3nar es un punto de encuentro para todo tipo de p\u00fablico y para profesionales de todo el mundo de diversos sectores, que encuentran en SonarPro el lugar ideal para hacer sus negocios y establecer contactos, pero de forma totalmente diferente a otras fer\u00edas profesionales.<\/p>\n<blockquote><p>La propuesta de SonarPro se define como un espacio de interacci\u00f3n e interrelaci\u00f3n a modo de Hub donde los acreditados del festival puedan poner en com\u00fan sus ideas, dar a conocer sus proyectos, presentar sus productos y contactar con profesionales afines en el marco de un festival de referencia en el panorama internacional.<\/p><\/blockquote>\n<p>+ info|<a href=\"http:\/\/2011.sonar.es\/es\/sonarpro-2011.php\" target=\"_blank\"><strong>2011.sonar.es\/sonarpro<\/strong><\/a><\/p>\n<\/div>\n<div style=\"text-align: center;\"><img loading=\"lazy\" decoding=\"async\" class=\"aligncenter\" src=\"http:\/\/2011.sonar.es\/img\/queessonar\/queessonar.gif\" alt=\"\" width=\"480\" height=\"479\" \/><\/div>\n","protected":false},"excerpt":{"rendered":"<p>Festival Internacional de M\u00fasica Avanzada y Arte Multimedia S\u00f3nar es el festival de m\u00fasica avanzada y arte multimedia que se celebra durante la tercera semana del mes de junio en Barcelona. Es un festival pionero y \u00fanico en su formato y contenidos. S\u00f3nar Barcelona se divide entre S\u00f3nar de D\u00eda (conciertos, showcases, zona para profesionales, [&hellip;]<\/p>\n","protected":false},"author":1,"featured_media":0,"comment_status":"open","ping_status":"open","sticky":false,"template":"","format":"standard","meta":{"footnotes":""},"categories":[52,17],"tags":[24,190,22,18,19],"class_list":["post-80","post","type-post","status-publish","format-standard","hentry","category-eventos","category-festival","tag-barcelona","tag-festival","tag-musica","tag-sonar","tag-sonarpro"],"aioseo_notices":[],"_links":{"self":[{"href":"http:\/\/telcoavi.es\/blog\/wp-json\/wp\/v2\/posts\/80","targetHints":{"allow":["GET"]}}],"collection":[{"href":"http:\/\/telcoavi.es\/blog\/wp-json\/wp\/v2\/posts"}],"about":[{"href":"http:\/\/telcoavi.es\/blog\/wp-json\/wp\/v2\/types\/post"}],"author":[{"embeddable":true,"href":"http:\/\/telcoavi.es\/blog\/wp-json\/wp\/v2\/users\/1"}],"replies":[{"embeddable":true,"href":"http:\/\/telcoavi.es\/blog\/wp-json\/wp\/v2\/comments?post=80"}],"version-history":[{"count":8,"href":"http:\/\/telcoavi.es\/blog\/wp-json\/wp\/v2\/posts\/80\/revisions"}],"predecessor-version":[{"id":352,"href":"http:\/\/telcoavi.es\/blog\/wp-json\/wp\/v2\/posts\/80\/revisions\/352"}],"wp:attachment":[{"href":"http:\/\/telcoavi.es\/blog\/wp-json\/wp\/v2\/media?parent=80"}],"wp:term":[{"taxonomy":"category","embeddable":true,"href":"http:\/\/telcoavi.es\/blog\/wp-json\/wp\/v2\/categories?post=80"},{"taxonomy":"post_tag","embeddable":true,"href":"http:\/\/telcoavi.es\/blog\/wp-json\/wp\/v2\/tags?post=80"}],"curies":[{"name":"wp","href":"https:\/\/api.w.org\/{rel}","templated":true}]}}